{"id":999,"date":"2020-03-15T11:48:20","date_gmt":"2020-03-15T10:48:20","guid":{"rendered":"http:\/\/www.lepetitcaboulot.com\/?p=999"},"modified":"2020-03-15T11:48:30","modified_gmt":"2020-03-15T10:48:30","slug":"fermeture-du-au-covid-19","status":"publish","type":"post","link":"https:\/\/www.lepetitcaboulot.com\/index.php\/2020\/03\/15\/fermeture-du-au-covid-19\/","title":{"rendered":"Fermeture du au Covid-19"},"content":{"rendered":"\n<p>Bonjour \u00e0 toutes et tous, <br> Suite \u00e0 l\u2019annonce du premier  ministre du samedi 14 mars 2020, et en cause le COVID 19, notre \u00e9tablissement sera donc ferm\u00e9 \u00e0  compter de dimanche 15 mars 2020 et ce jusqu\u2019\u00e0 nouvel ordre. <br> Nous vous tiendrons inform\u00e9s de l\u2019avanc\u00e9e des informations et nous vous avertirons de la r\u00e9ouverture de notre \u00e9tablissement. <br> Vous remerciant de votre compr\u00e9hension et prenez soin de vous.<\/p>\n\n\n\n<p> L\u2019\u00e9quipe du petit Caboulot.<\/p>\n","protected":false},"excerpt":{"rendered":"<p>Bonjour \u00e0 toutes et tous, Suite \u00e0 l\u2019annonce du premier ministre du samedi 14 mars 2020, et en cause le COVID 19, notre \u00e9tablissement sera donc ferm\u00e9 \u00e0 compter de dimanche 15 mars 2020 et ce jusqu\u2019\u00e0 nouvel ordre. Nous vous tiendrons inform\u00e9s de l\u2019avanc\u00e9e des informations et nous vous avertirons de la r\u00e9ouverture de &hellip; <\/p>\n<p class=\"link-more\"><a href=\"https:\/\/www.lepetitcaboulot.com\/index.php\/2020\/03\/15\/fermeture-du-au-covid-19\/\" class=\"more-link\">Continuer la lecture<span class=\"screen-reader-text\"> de &laquo;&nbsp;Fermeture du au Covid-19&nbsp;&raquo;<\/span><\/a><\/p>\n","protected":false},"author":1,"featured_media":0,"comment_status":"open","ping_status":"open","sticky":false,"template":"","format":"standard","meta":{"footnotes":""},"categories":[1],"tags":[],"class_list":["post-999","post","type-post","status-publish","format-standard","hentry","category-non-classe"],"yoast_head":"<!-- This site is optimized with the Yoast SEO plugin v27.5 - https:\/\/yoast.com\/product\/yoast-seo-wordpress\/ -->\n<title>Fermeture du au Covid-19 -<\/title>\n<meta name=\"robots\" content=\"index, follow, max-snippet:-1, max-image-preview:large, max-video-preview:-1\" \/>\n<link rel=\"canonical\" href=\"https:\/\/www.lepetitcaboulot.com\/index.php\/2020\/03\/15\/fermeture-du-au-covid-19\/\" \/>\n<meta property=\"og:locale\" content=\"fr_FR\" \/>\n<meta property=\"og:type\" content=\"article\" \/>\n<meta property=\"og:title\" content=\"Fermeture du au Covid-19 -\" \/>\n<meta property=\"og:description\" content=\"Bonjour \u00e0 toutes et tous, Suite \u00e0 l\u2019annonce du premier ministre du samedi 14 mars 2020, et en cause le COVID 19, notre \u00e9tablissement sera donc ferm\u00e9 \u00e0 compter de dimanche 15 mars 2020 et ce jusqu\u2019\u00e0 nouvel ordre. Nous vous tiendrons inform\u00e9s de l\u2019avanc\u00e9e des informations et nous vous avertirons de la r\u00e9ouverture de &hellip; Continuer la lecture de &laquo;&nbsp;Fermeture du au Covid-19&nbsp;&raquo;\" \/>\n<meta property=\"og:url\" content=\"https:\/\/www.lepetitcaboulot.com\/index.php\/2020\/03\/15\/fermeture-du-au-covid-19\/\" \/>\n<meta property=\"article:publisher\" content=\"https:\/\/www.facebook.com\/petitcaboulot\" \/>\n<meta property=\"article:published_time\" content=\"2020-03-15T10:48:20+00:00\" \/>\n<meta property=\"article:modified_time\" content=\"2020-03-15T10:48:30+00:00\" \/>\n<meta name=\"author\" content=\"M\u00e9d\u00e9ric\" \/>\n<meta name=\"twitter:card\" content=\"summary_large_image\" \/>\n<meta name=\"twitter:label1\" content=\"\u00c9crit par\" \/>\n\t<meta name=\"twitter:data1\" content=\"M\u00e9d\u00e9ric\" \/>\n<script type=\"application\/ld+json\" class=\"yoast-schema-graph\">{\"@context\":\"https:\\\/\\\/schema.org\",\"@graph\":[{\"@type\":\"Article\",\"@id\":\"https:\\\/\\\/www.lepetitcaboulot.com\\\/index.php\\\/2020\\\/03\\\/15\\\/fermeture-du-au-covid-19\\\/#article\",\"isPartOf\":{\"@id\":\"https:\\\/\\\/www.lepetitcaboulot.com\\\/index.php\\\/2020\\\/03\\\/15\\\/fermeture-du-au-covid-19\\\/\"},\"author\":{\"name\":\"M\u00e9d\u00e9ric\",\"@id\":\"https:\\\/\\\/www.lepetitcaboulot.com\\\/#\\\/schema\\\/person\\\/866cfcc95d6f8149762b6741bd2e6e4a\"},\"headline\":\"Fermeture du au Covid-19\",\"datePublished\":\"2020-03-15T10:48:20+00:00\",\"dateModified\":\"2020-03-15T10:48:30+00:00\",\"mainEntityOfPage\":{\"@id\":\"https:\\\/\\\/www.lepetitcaboulot.com\\\/index.php\\\/2020\\\/03\\\/15\\\/fermeture-du-au-covid-19\\\/\"},\"wordCount\":74,\"commentCount\":0,\"publisher\":{\"@id\":\"https:\\\/\\\/www.lepetitcaboulot.com\\\/#organization\"},\"inLanguage\":\"fr-FR\",\"potentialAction\":[{\"@type\":\"CommentAction\",\"name\":\"Comment\",\"target\":[\"https:\\\/\\\/www.lepetitcaboulot.com\\\/index.php\\\/2020\\\/03\\\/15\\\/fermeture-du-au-covid-19\\\/#respond\"]}]},{\"@type\":\"WebPage\",\"@id\":\"https:\\\/\\\/www.lepetitcaboulot.com\\\/index.php\\\/2020\\\/03\\\/15\\\/fermeture-du-au-covid-19\\\/\",\"url\":\"https:\\\/\\\/www.lepetitcaboulot.com\\\/index.php\\\/2020\\\/03\\\/15\\\/fermeture-du-au-covid-19\\\/\",\"name\":\"Fermeture du au Covid-19 -\",\"isPartOf\":{\"@id\":\"https:\\\/\\\/www.lepetitcaboulot.com\\\/#website\"},\"datePublished\":\"2020-03-15T10:48:20+00:00\",\"dateModified\":\"2020-03-15T10:48:30+00:00\",\"breadcrumb\":{\"@id\":\"https:\\\/\\\/www.lepetitcaboulot.com\\\/index.php\\\/2020\\\/03\\\/15\\\/fermeture-du-au-covid-19\\\/#breadcrumb\"},\"inLanguage\":\"fr-FR\",\"potentialAction\":[{\"@type\":\"ReadAction\",\"target\":[\"https:\\\/\\\/www.lepetitcaboulot.com\\\/index.php\\\/2020\\\/03\\\/15\\\/fermeture-du-au-covid-19\\\/\"]}]},{\"@type\":\"BreadcrumbList\",\"@id\":\"https:\\\/\\\/www.lepetitcaboulot.com\\\/index.php\\\/2020\\\/03\\\/15\\\/fermeture-du-au-covid-19\\\/#breadcrumb\",\"itemListElement\":[{\"@type\":\"ListItem\",\"position\":1,\"name\":\"Accueil\",\"item\":\"https:\\\/\\\/www.lepetitcaboulot.com\\\/\"},{\"@type\":\"ListItem\",\"position\":2,\"name\":\"Fermeture du au Covid-19\"}]},{\"@type\":\"WebSite\",\"@id\":\"https:\\\/\\\/www.lepetitcaboulot.com\\\/#website\",\"url\":\"https:\\\/\\\/www.lepetitcaboulot.com\\\/\",\"name\":\"WWW.lepetitcaboulot.com\",\"description\":\"Restaurant traditionnel situ\u00e9 \u00e0 Isle Saint Georges, pr\u00e8s de Bordeaux (33)\",\"publisher\":{\"@id\":\"https:\\\/\\\/www.lepetitcaboulot.com\\\/#organization\"},\"potentialAction\":[{\"@type\":\"SearchAction\",\"target\":{\"@type\":\"EntryPoint\",\"urlTemplate\":\"https:\\\/\\\/www.lepetitcaboulot.com\\\/?s={search_term_string}\"},\"query-input\":{\"@type\":\"PropertyValueSpecification\",\"valueRequired\":true,\"valueName\":\"search_term_string\"}}],\"inLanguage\":\"fr-FR\"},{\"@type\":\"Organization\",\"@id\":\"https:\\\/\\\/www.lepetitcaboulot.com\\\/#organization\",\"name\":\"Restaurant le petit caboulot\",\"url\":\"https:\\\/\\\/www.lepetitcaboulot.com\\\/\",\"logo\":{\"@type\":\"ImageObject\",\"inLanguage\":\"fr-FR\",\"@id\":\"https:\\\/\\\/www.lepetitcaboulot.com\\\/#\\\/schema\\\/logo\\\/image\\\/\",\"url\":\"http:\\\/\\\/www.lepetitcaboulot.com\\\/wp-content\\\/uploads\\\/2024\\\/11\\\/toque-nb.bmp\",\"contentUrl\":\"http:\\\/\\\/www.lepetitcaboulot.com\\\/wp-content\\\/uploads\\\/2024\\\/11\\\/toque-nb.bmp\",\"width\":530,\"height\":530,\"caption\":\"Restaurant le petit caboulot\"},\"image\":{\"@id\":\"https:\\\/\\\/www.lepetitcaboulot.com\\\/#\\\/schema\\\/logo\\\/image\\\/\"},\"sameAs\":[\"https:\\\/\\\/www.facebook.com\\\/petitcaboulot\",\"https:\\\/\\\/www.instagram.com\\\/petitcaboulot\\\/\"]},{\"@type\":\"Person\",\"@id\":\"https:\\\/\\\/www.lepetitcaboulot.com\\\/#\\\/schema\\\/person\\\/866cfcc95d6f8149762b6741bd2e6e4a\",\"name\":\"M\u00e9d\u00e9ric\",\"image\":{\"@type\":\"ImageObject\",\"inLanguage\":\"fr-FR\",\"@id\":\"https:\\\/\\\/secure.gravatar.com\\\/avatar\\\/f1be5cc60b6b7f50f331223cf76083783a1c4e284bcab2139af7d74889354ec5?s=96&d=mm&r=g\",\"url\":\"https:\\\/\\\/secure.gravatar.com\\\/avatar\\\/f1be5cc60b6b7f50f331223cf76083783a1c4e284bcab2139af7d74889354ec5?s=96&d=mm&r=g\",\"contentUrl\":\"https:\\\/\\\/secure.gravatar.com\\\/avatar\\\/f1be5cc60b6b7f50f331223cf76083783a1c4e284bcab2139af7d74889354ec5?s=96&d=mm&r=g\",\"caption\":\"M\u00e9d\u00e9ric\"},\"url\":\"https:\\\/\\\/www.lepetitcaboulot.com\\\/index.php\\\/author\\\/admin33\\\/\"}]}<\/script>\n<!-- \/ Yoast SEO plugin. -->","yoast_head_json":{"title":"Fermeture du au Covid-19 -","robots":{"index":"index","follow":"follow","max-snippet":"max-snippet:-1","max-image-preview":"max-image-preview:large","max-video-preview":"max-video-preview:-1"},"canonical":"https:\/\/www.lepetitcaboulot.com\/index.php\/2020\/03\/15\/fermeture-du-au-covid-19\/","og_locale":"fr_FR","og_type":"article","og_title":"Fermeture du au Covid-19 -","og_description":"Bonjour \u00e0 toutes et tous, Suite \u00e0 l\u2019annonce du premier ministre du samedi 14 mars 2020, et en cause le COVID 19, notre \u00e9tablissement sera donc ferm\u00e9 \u00e0 compter de dimanche 15 mars 2020 et ce jusqu\u2019\u00e0 nouvel ordre. Nous vous tiendrons inform\u00e9s de l\u2019avanc\u00e9e des informations et nous vous avertirons de la r\u00e9ouverture de &hellip; Continuer la lecture de &laquo;&nbsp;Fermeture du au Covid-19&nbsp;&raquo;","og_url":"https:\/\/www.lepetitcaboulot.com\/index.php\/2020\/03\/15\/fermeture-du-au-covid-19\/","article_publisher":"https:\/\/www.facebook.com\/petitcaboulot","article_published_time":"2020-03-15T10:48:20+00:00","article_modified_time":"2020-03-15T10:48:30+00:00","author":"M\u00e9d\u00e9ric","twitter_card":"summary_large_image","twitter_misc":{"\u00c9crit par":"M\u00e9d\u00e9ric"},"schema":{"@context":"https:\/\/schema.org","@graph":[{"@type":"Article","@id":"https:\/\/www.lepetitcaboulot.com\/index.php\/2020\/03\/15\/fermeture-du-au-covid-19\/#article","isPartOf":{"@id":"https:\/\/www.lepetitcaboulot.com\/index.php\/2020\/03\/15\/fermeture-du-au-covid-19\/"},"author":{"name":"M\u00e9d\u00e9ric","@id":"https:\/\/www.lepetitcaboulot.com\/#\/schema\/person\/866cfcc95d6f8149762b6741bd2e6e4a"},"headline":"Fermeture du au Covid-19","datePublished":"2020-03-15T10:48:20+00:00","dateModified":"2020-03-15T10:48:30+00:00","mainEntityOfPage":{"@id":"https:\/\/www.lepetitcaboulot.com\/index.php\/2020\/03\/15\/fermeture-du-au-covid-19\/"},"wordCount":74,"commentCount":0,"publisher":{"@id":"https:\/\/www.lepetitcaboulot.com\/#organization"},"inLanguage":"fr-FR","potentialAction":[{"@type":"CommentAction","name":"Comment","target":["https:\/\/www.lepetitcaboulot.com\/index.php\/2020\/03\/15\/fermeture-du-au-covid-19\/#respond"]}]},{"@type":"WebPage","@id":"https:\/\/www.lepetitcaboulot.com\/index.php\/2020\/03\/15\/fermeture-du-au-covid-19\/","url":"https:\/\/www.lepetitcaboulot.com\/index.php\/2020\/03\/15\/fermeture-du-au-covid-19\/","name":"Fermeture du au Covid-19 -","isPartOf":{"@id":"https:\/\/www.lepetitcaboulot.com\/#website"},"datePublished":"2020-03-15T10:48:20+00:00","dateModified":"2020-03-15T10:48:30+00:00","breadcrumb":{"@id":"https:\/\/www.lepetitcaboulot.com\/index.php\/2020\/03\/15\/fermeture-du-au-covid-19\/#breadcrumb"},"inLanguage":"fr-FR","potentialAction":[{"@type":"ReadAction","target":["https:\/\/www.lepetitcaboulot.com\/index.php\/2020\/03\/15\/fermeture-du-au-covid-19\/"]}]},{"@type":"BreadcrumbList","@id":"https:\/\/www.lepetitcaboulot.com\/index.php\/2020\/03\/15\/fermeture-du-au-covid-19\/#breadcrumb","itemListElement":[{"@type":"ListItem","position":1,"name":"Accueil","item":"https:\/\/www.lepetitcaboulot.com\/"},{"@type":"ListItem","position":2,"name":"Fermeture du au Covid-19"}]},{"@type":"WebSite","@id":"https:\/\/www.lepetitcaboulot.com\/#website","url":"https:\/\/www.lepetitcaboulot.com\/","name":"WWW.lepetitcaboulot.com","description":"Restaurant traditionnel situ\u00e9 \u00e0 Isle Saint Georges, pr\u00e8s de Bordeaux (33)","publisher":{"@id":"https:\/\/www.lepetitcaboulot.com\/#organization"},"potentialAction":[{"@type":"SearchAction","target":{"@type":"EntryPoint","urlTemplate":"https:\/\/www.lepetitcaboulot.com\/?s={search_term_string}"},"query-input":{"@type":"PropertyValueSpecification","valueRequired":true,"valueName":"search_term_string"}}],"inLanguage":"fr-FR"},{"@type":"Organization","@id":"https:\/\/www.lepetitcaboulot.com\/#organization","name":"Restaurant le petit caboulot","url":"https:\/\/www.lepetitcaboulot.com\/","logo":{"@type":"ImageObject","inLanguage":"fr-FR","@id":"https:\/\/www.lepetitcaboulot.com\/#\/schema\/logo\/image\/","url":"http:\/\/www.lepetitcaboulot.com\/wp-content\/uploads\/2024\/11\/toque-nb.bmp","contentUrl":"http:\/\/www.lepetitcaboulot.com\/wp-content\/uploads\/2024\/11\/toque-nb.bmp","width":530,"height":530,"caption":"Restaurant le petit caboulot"},"image":{"@id":"https:\/\/www.lepetitcaboulot.com\/#\/schema\/logo\/image\/"},"sameAs":["https:\/\/www.facebook.com\/petitcaboulot","https:\/\/www.instagram.com\/petitcaboulot\/"]},{"@type":"Person","@id":"https:\/\/www.lepetitcaboulot.com\/#\/schema\/person\/866cfcc95d6f8149762b6741bd2e6e4a","name":"M\u00e9d\u00e9ric","image":{"@type":"ImageObject","inLanguage":"fr-FR","@id":"https:\/\/secure.gravatar.com\/avatar\/f1be5cc60b6b7f50f331223cf76083783a1c4e284bcab2139af7d74889354ec5?s=96&d=mm&r=g","url":"https:\/\/secure.gravatar.com\/avatar\/f1be5cc60b6b7f50f331223cf76083783a1c4e284bcab2139af7d74889354ec5?s=96&d=mm&r=g","contentUrl":"https:\/\/secure.gravatar.com\/avatar\/f1be5cc60b6b7f50f331223cf76083783a1c4e284bcab2139af7d74889354ec5?s=96&d=mm&r=g","caption":"M\u00e9d\u00e9ric"},"url":"https:\/\/www.lepetitcaboulot.com\/index.php\/author\/admin33\/"}]}},"featured_media_urls":[],"_links":{"self":[{"href":"https:\/\/www.lepetitcaboulot.com\/index.php\/wp-json\/wp\/v2\/posts\/999","targetHints":{"allow":["GET"]}}],"collection":[{"href":"https:\/\/www.lepetitcaboulot.com\/index.php\/wp-json\/wp\/v2\/posts"}],"about":[{"href":"https:\/\/www.lepetitcaboulot.com\/index.php\/wp-json\/wp\/v2\/types\/post"}],"author":[{"embeddable":true,"href":"https:\/\/www.lepetitcaboulot.com\/index.php\/wp-json\/wp\/v2\/users\/1"}],"replies":[{"embeddable":true,"href":"https:\/\/www.lepetitcaboulot.com\/index.php\/wp-json\/wp\/v2\/comments?post=999"}],"version-history":[{"count":2,"href":"https:\/\/www.lepetitcaboulot.com\/index.php\/wp-json\/wp\/v2\/posts\/999\/revisions"}],"predecessor-version":[{"id":1001,"href":"https:\/\/www.lepetitcaboulot.com\/index.php\/wp-json\/wp\/v2\/posts\/999\/revisions\/1001"}],"wp:attachment":[{"href":"https:\/\/www.lepetitcaboulot.com\/index.php\/wp-json\/wp\/v2\/media?parent=999"}],"wp:term":[{"taxonomy":"category","embeddable":true,"href":"https:\/\/www.lepetitcaboulot.com\/index.php\/wp-json\/wp\/v2\/categories?post=999"},{"taxonomy":"post_tag","embeddable":true,"href":"https:\/\/www.lepetitcaboulot.com\/index.php\/wp-json\/wp\/v2\/tags?post=999"}],"curies":[{"name":"wp","href":"https:\/\/api.w.org\/{rel}","templated":true}]}}